{"id":9494,"date":"2023-06-14T17:33:01","date_gmt":"2023-06-14T17:33:01","guid":{"rendered":"https:\/\/epmapatulcan.gob.ec\/wp\/?p=9494"},"modified":"2023-06-14T17:33:02","modified_gmt":"2023-06-14T17:33:02","slug":"trabajos-de-cambio-de-tuberia-de-agua-potable-en-la-calle-boyaca-durante-la-madrugada-y-primeras-horas-de-la-manana-del-2-de-junio-del-2023","status":"publish","type":"post","link":"https:\/\/epmapatulcan.gob.ec\/wp\/trabajos-de-cambio-de-tuberia-de-agua-potable-en-la-calle-boyaca-durante-la-madrugada-y-primeras-horas-de-la-manana-del-2-de-junio-del-2023\/","title":{"rendered":"Trabajos de cambio de tuber\u00eda de agua potable en la calle Boyac\u00e1 durante la madrugada  y primeras horas de la ma\u00f1ana del 2 de junio del 2023"},"content":{"rendered":"\n<p>Agua Potable l La madrugada de este 2 de junio, en el centro de la ciudad (calle Boyac\u00e1 entre R.Arellano y Bol\u00edvar) se present\u00f3 una rotura de la tuber\u00eda de asbesto cemento de la red de distribuci\u00f3n de agua potable, producto de la magnitud de la aver\u00eda se procedi\u00f3 al cierre de la red de distribuci\u00f3n que abastece al sector centro y norte (Carabobo hasta Rumichaca).<\/p>\n\n\n\n<p>El reporte fue emitido entre la 1h00 y 2h00, los trabajos se efectuaron en toda la madrugada y primeras horas de la ma\u00f1ana, con el objetivo de restablecer el servicio de agua potable lo m\u00e1s pronto posible.<\/p>\n\n\n\n<p>En el sitio se realiz\u00f3 el cambio de tuber\u00eda de asbesto cemento por PVC, cambio de collarines y reparaci\u00f3n de 7 acometidas domiciliarias.<\/p>\n\n\n\n<p>Aproximadamente a las 6h30, los trabajos finalizaron y el servicio fue restablecido, es importante mencionar que estas emergencias se producen de manera fortuita, sin embargo el personal de la EPMAPA-T ratifica su compromiso con los tulcane\u00f1os, trabajando con pronta respuesta sin importar el d\u00eda ni la hora.<\/p>\n\n\n\n<p>\u00a1El Reto es por ti Tulc\u00e1n!<\/p>\n","protected":false},"excerpt":{"rendered":"<p>Agua Potable l La madrugada de este 2 de junio, en el centro de la ciudad (calle Boyac\u00e1 entre R.Arellano y Bol\u00edvar) se present\u00f3 una rotura de la tuber\u00eda de asbesto cemento de la red de distribuci\u00f3n de agua potable, producto de la magnitud de la aver\u00eda se procedi\u00f3 al cierre de la red de [&hellip;]<\/p>\n","protected":false},"author":7,"featured_media":9495,"comment_status":"open","ping_status":"open","sticky":false,"template":"","format":"standard","meta":{"footnotes":""},"categories":[4],"tags":[],"class_list":["post-9494","post","type-post","status-publish","format-standard","has-post-thumbnail","hentry","category-agua-potable"],"_links":{"self":[{"href":"https:\/\/epmapatulcan.gob.ec\/wp\/wp-json\/wp\/v2\/posts\/9494","targetHints":{"allow":["GET"]}}],"collection":[{"href":"https:\/\/epmapatulcan.gob.ec\/wp\/wp-json\/wp\/v2\/posts"}],"about":[{"href":"https:\/\/epmapatulcan.gob.ec\/wp\/wp-json\/wp\/v2\/types\/post"}],"author":[{"embeddable":true,"href":"https:\/\/epmapatulcan.gob.ec\/wp\/wp-json\/wp\/v2\/users\/7"}],"replies":[{"embeddable":true,"href":"https:\/\/epmapatulcan.gob.ec\/wp\/wp-json\/wp\/v2\/comments?post=9494"}],"version-history":[{"count":1,"href":"https:\/\/epmapatulcan.gob.ec\/wp\/wp-json\/wp\/v2\/posts\/9494\/revisions"}],"predecessor-version":[{"id":9496,"href":"https:\/\/epmapatulcan.gob.ec\/wp\/wp-json\/wp\/v2\/posts\/9494\/revisions\/9496"}],"wp:featuredmedia":[{"embeddable":true,"href":"https:\/\/epmapatulcan.gob.ec\/wp\/wp-json\/wp\/v2\/media\/9495"}],"wp:attachment":[{"href":"https:\/\/epmapatulcan.gob.ec\/wp\/wp-json\/wp\/v2\/media?parent=9494"}],"wp:term":[{"taxonomy":"category","embeddable":true,"href":"https:\/\/epmapatulcan.gob.ec\/wp\/wp-json\/wp\/v2\/categories?post=9494"},{"taxonomy":"post_tag","embeddable":true,"href":"https:\/\/epmapatulcan.gob.ec\/wp\/wp-json\/wp\/v2\/tags?post=9494"}],"curies":[{"name":"wp","href":"https:\/\/api.w.org\/{rel}","templated":true}]}}